{"id":1089,"date":"2023-02-23T23:02:25","date_gmt":"2023-02-23T19:02:25","guid":{"rendered":"https:\/\/zefer.info.az\/?p=1089"},"modified":"2023-02-23T23:03:22","modified_gmt":"2023-02-23T19:03:22","slug":"abseron-logistka-m%c9%99rk%c9%99zinin-r%c9%99hb%c9%99rliyi-aztu-ya-s%c9%99f%c9%99r-edib","status":"publish","type":"post","link":"https:\/\/zefer.info.az\/?p=1089","title":{"rendered":"Ab\u015feron Logistka M\u0259rk\u0259zinin r\u0259hb\u0259rliyi AzTU-ya s\u0259f\u0259r edib"},"content":{"rendered":"<p><span style=\"color: #3366ff;\"><strong>Ab\u015feron Logistka M\u0259rk\u0259zinin \u0130dar\u0259 Hey\u0259tinin s\u0259dri Ziya A\u011fayevin r\u0259hb\u0259rlik etdiyi n\u00fcmay\u0259nd\u0259 hey\u0259ti Az\u0259rbaycan Texniki Universitetin\u0259 s\u0259f\u0259r edib. <\/strong><\/span><\/p>\n<p><span style=\"color: #3366ff;\"><strong>S\u0259f\u0259r \u00e7\u0259r\u00e7iv\u0259sind\u0259 Ab\u015feron Logistka M\u0259rk\u0259zinin \u0130dar\u0259 Hey\u0259tinin s\u0259dri Ziya A\u011fayevl\u0259 AzTU-nun rektoru Vilay\u0259t V\u0259liyev aras\u0131nda g\u00f6r\u00fc\u015f ke\u00e7irilib.<\/strong><\/span><\/p>\n<p>Rektor bildirib ki, Ab\u015feron Logistka M\u0259rk\u0259zind\u0259 ke\u00e7iril\u0259n sonuncu g\u00f6r\u00fc\u015f zaman\u0131 veril\u0259n t\u0259klifl\u0259rin v\u0259 m\u00fczakir\u0259 olunan m\u0259s\u0259l\u0259l\u0259rin daha operativ icras\u0131 il\u0259 \u0259laq\u0259dar m\u00fc\u015ft\u0259r\u0259k komissiya yarad\u0131l\u0131b. Komissiyan\u0131n \u00fczvl\u0259ri ilkin olaraq g\u00f6r\u00fcl\u0259n v\u0259 g\u00f6r\u00fcl\u0259c\u0259k i\u015fl\u0259rl\u0259 ba\u011fl\u0131 plan haz\u0131rlay\u0131blar. Plana uy\u011fun olaraq komissiya t\u0259dris, elmi-t\u0259dqiqat v\u0259 t\u0259cr\u00fcb\u0259 istiqam\u0259tind\u0259 m\u00fc\u0259yy\u0259n olunan m\u0259s\u0259l\u0259l\u0259rin icras\u0131n\u0131 h\u0259yata ke\u00e7ir\u0259c\u0259kl\u0259r.<\/p>\n<p>Daha sonra qonaqlar AzTU-nun Logistika v\u0259 N\u0259qliyyat \u0130nstitutu il\u0259 tan\u0131\u015f olublar.<\/p>\n<p><em>Xat\u0131rladaq ki,<\/em> fevral\u0131n 9-da Ab\u015feron Logistka M\u0259rk\u0259zind\u0259 AzTU-nun t\u0259dris m\u0259rk\u0259zi istifad\u0259y\u0259 verilib.<\/p>\n<p>&nbsp;<\/p>\n","protected":false},"excerpt":{"rendered":"<p>Ab\u015feron Logistka M\u0259rk\u0259zinin \u0130dar\u0259 Hey\u0259tinin s\u0259dri Ziya A\u011fayevin r\u0259hb\u0259rlik etdiyi n\u00fcmay\u0259nd\u0259 hey\u0259ti Az\u0259rbaycan Texniki Universitetin\u0259&#8230;<\/p>\n","protected":false},"author":1,"featured_media":1090,"comment_status":"open","ping_status":"open","sticky":false,"template":"","format":"standard","meta":{"footnotes":""},"categories":[3,33],"tags":[],"class_list":["post-1089","post","type-post","status-publish","format-standard","has-post-thumbnail","hentry","category-aztu","category-xbrlr-2"],"featured_image_urls":{"full":["https:\/\/zefer.info.az\/wp-content\/uploads\/2023\/02\/AzTU-Loqistika.jpg",526,330,false],"thumbnail":["https:\/\/zefer.info.az\/wp-content\/uploads\/2023\/02\/AzTU-Loqistika-150x150.jpg",150,150,true],"medium":["https:\/\/zefer.info.az\/wp-content\/uploads\/2023\/02\/AzTU-Loqistika-300x188.jpg",300,188,true],"medium_large":["https:\/\/zefer.info.az\/wp-content\/uploads\/2023\/02\/AzTU-Loqistika.jpg",526,330,false],"large":["https:\/\/zefer.info.az\/wp-content\/uploads\/2023\/02\/AzTU-Loqistika.jpg",526,330,false],"1536x1536":["https:\/\/zefer.info.az\/wp-content\/uploads\/2023\/02\/AzTU-Loqistika.jpg",526,330,false],"2048x2048":["https:\/\/zefer.info.az\/wp-content\/uploads\/2023\/02\/AzTU-Loqistika.jpg",526,330,false],"newsphere-slider-full":["https:\/\/zefer.info.az\/wp-content\/uploads\/2023\/02\/AzTU-Loqistika.jpg",526,330,false],"newsphere-featured":["https:\/\/zefer.info.az\/wp-content\/uploads\/2023\/02\/AzTU-Loqistika.jpg",526,330,false],"newsphere-medium":["https:\/\/zefer.info.az\/wp-content\/uploads\/2023\/02\/AzTU-Loqistika.jpg",526,330,false]},"author_info":{"display_name":"ZEFER.\u0130NFO.AZ","author_link":"https:\/\/zefer.info.az\/author\/admin"},"category_info":"<a href=\"https:\/\/zefer.info.az\/?cat=3\" rel=\"category\">AzTU<\/a> <a href=\"https:\/\/zefer.info.az\/?cat=33\" rel=\"category\">X\u0259b\u0259rl\u0259r<\/a>","tag_info":"X\u0259b\u0259rl\u0259r","comment_count":"0","_links":{"self":[{"href":"https:\/\/zefer.info.az\/index.php?rest_route=\/wp\/v2\/posts\/1089","targetHints":{"allow":["GET"]}}],"collection":[{"href":"https:\/\/zefer.info.az\/index.php?rest_route=\/wp\/v2\/posts"}],"about":[{"href":"https:\/\/zefer.info.az\/index.php?rest_route=\/wp\/v2\/types\/post"}],"author":[{"embeddable":true,"href":"https:\/\/zefer.info.az\/index.php?rest_route=\/wp\/v2\/users\/1"}],"replies":[{"embeddable":true,"href":"https:\/\/zefer.info.az\/index.php?rest_route=%2Fwp%2Fv2%2Fcomments&post=1089"}],"version-history":[{"count":3,"href":"https:\/\/zefer.info.az\/index.php?rest_route=\/wp\/v2\/posts\/1089\/revisions"}],"predecessor-version":[{"id":1093,"href":"https:\/\/zefer.info.az\/index.php?rest_route=\/wp\/v2\/posts\/1089\/revisions\/1093"}],"wp:featuredmedia":[{"embeddable":true,"href":"https:\/\/zefer.info.az\/index.php?rest_route=\/wp\/v2\/media\/1090"}],"wp:attachment":[{"href":"https:\/\/zefer.info.az\/index.php?rest_route=%2Fwp%2Fv2%2Fmedia&parent=1089"}],"wp:term":[{"taxonomy":"category","embeddable":true,"href":"https:\/\/zefer.info.az\/index.php?rest_route=%2Fwp%2Fv2%2Fcategories&post=1089"},{"taxonomy":"post_tag","embeddable":true,"href":"https:\/\/zefer.info.az\/index.php?rest_route=%2Fwp%2Fv2%2Ftags&post=1089"}],"curies":[{"name":"wp","href":"https:\/\/api.w.org\/{rel}","templated":true}]}}