{"id":1094,"date":"2023-02-23T23:23:45","date_gmt":"2023-02-23T19:23:45","guid":{"rendered":"https:\/\/zefer.info.az\/?p=1094"},"modified":"2023-02-23T23:29:34","modified_gmt":"2023-02-23T19:29:34","slug":"aztu-da-beyn%c9%99lxalq-ana-dili-gunun%c9%99-h%c9%99sr-olunan-t%c9%99dbir-kecirilib","status":"publish","type":"post","link":"https:\/\/zefer.info.az\/?p=1094","title":{"rendered":"AzTU-da Beyn\u0259lxalq Ana Dili G\u00fcn\u00fcn\u0259 h\u0259sr olunan t\u0259dbir ke\u00e7irilib"},"content":{"rendered":"<p><span style=\"color: #ff0000;\"><strong>Az\u0259rbaycan Texniki Universitetind\u0259 (AzTU) 21 fevral &#8211; Beyn\u0259lxalq Ana Dili G\u00fcn\u00fcn\u0259 h\u0259sr olunan <em>\u201cDilim varsa, m\u0259n varam!\u201d<\/em> adl\u0131 t\u0259dbir ke\u00e7irilib.<\/strong><\/span><\/p>\n<p><img fetchpriority=\"high\" decoding=\"async\" class=\"alignnone wp-image-1096\" src=\"https:\/\/zefer.info.az\/wp-content\/uploads\/2023\/02\/AzTU-Elifba-001-300x185.jpg\" alt=\"\" width=\"415\" height=\"256\" srcset=\"https:\/\/zefer.info.az\/wp-content\/uploads\/2023\/02\/AzTU-Elifba-001-300x185.jpg 300w, https:\/\/zefer.info.az\/wp-content\/uploads\/2023\/02\/AzTU-Elifba-001.jpg 600w\" sizes=\"(max-width: 415px) 100vw, 415px\" \/><\/p>\n<p>T\u0259dbird\u0259 AzTU-nun sosial m\u0259s\u0259l\u0259l\u0259r v\u0259 ictimaiyy\u0259tl\u0259 \u0259laq\u0259l\u0259r \u00fczr\u0259 prorektoru N\u0259rmin Rzayeva \u00e7\u0131x\u0131\u015f edib. Ana dilimizin z\u0259nginliyind\u0259n dan\u0131\u015fan prorektor ulu \u00f6nd\u0259r Heyd\u0259r \u018fliyevin milli-m\u0259n\u0259vi d\u0259y\u0259rl\u0259rimiz\u0259 daim x\u00fcsusi \u00f6n\u0259m verdiyini xat\u0131rlad\u0131b. Qeyd olunub ki, dilimizin r\u0259smi d\u00f6vl\u0259t dili statusu almas\u0131 \u00fcmummilli lider Heyd\u0259r \u018fliyevin ad\u0131 v\u0259 f\u0259aliyy\u0259ti il\u0259 ba\u011fl\u0131d\u0131r. N\u0259rmin Rzayeva Prezident \u0130lham \u018fliyevin Az\u0259rbaycan dilinin safl\u0131\u011f\u0131n\u0131n qorunmas\u0131 v\u0259 onun inki\u015faf\u0131 il\u0259 ba\u011fl\u0131 imzalad\u0131\u011f\u0131 s\u0259n\u0259dl\u0259rin \u0259h\u0259miyy\u0259tind\u0259n d\u0259 dan\u0131\u015f\u0131b.<\/p>\n<p><img decoding=\"async\" class=\"alignnone wp-image-1097\" src=\"https:\/\/zefer.info.az\/wp-content\/uploads\/2023\/02\/AzTU-Elifba-002-300x245.jpg\" alt=\"\" width=\"300\" height=\"245\" srcset=\"https:\/\/zefer.info.az\/wp-content\/uploads\/2023\/02\/AzTU-Elifba-002-300x245.jpg 300w, https:\/\/zefer.info.az\/wp-content\/uploads\/2023\/02\/AzTU-Elifba-002.jpg 416w\" sizes=\"(max-width: 300px) 100vw, 300px\" \/> \u00a0<img decoding=\"async\" class=\"alignnone wp-image-1098\" src=\"https:\/\/zefer.info.az\/wp-content\/uploads\/2023\/02\/AzTU-Elifba-003-300x240.jpg\" alt=\"\" width=\"306\" height=\"245\" srcset=\"https:\/\/zefer.info.az\/wp-content\/uploads\/2023\/02\/AzTU-Elifba-003-300x240.jpg 300w, https:\/\/zefer.info.az\/wp-content\/uploads\/2023\/02\/AzTU-Elifba-003.jpg 416w\" sizes=\"(max-width: 306px) 100vw, 306px\" \/><\/p>\n<p><strong>Humanitar f\u0259nl\u0259r kafedras\u0131n\u0131n m\u00fcdiri H\u0259bib Mirz\u0259yev<\/strong> v\u0259 <strong>kafedran\u0131n dosenti Afaq \u018fsg\u0259rova<\/strong> bel\u0259 bir g\u00f6r\u00fc\u015f\u00fcn ke\u00e7irilm\u0259sini \u0259h\u0259miyy\u0259tli v\u0259 t\u0259qdir\u0259layiq bir hadis\u0259 kimi d\u0259y\u0259rl\u0259ndirib.<\/p>\n<p>Bildirilib ki, m\u0259n\u0259viyyat\u0131n formala\u015fmas\u0131nda v\u0259 inki\u015faf\u0131nda dil \u0259n m\u00fch\u00fcm vasit\u0259dir. Bu bax\u0131mdan ana dilimizin qorunmas\u0131 v\u0259 inki\u015faf etdirilm\u0259si h\u0259r bir v\u0259t\u0259nda\u015f\u0131n m\u00fcq\u0259dd\u0259s borcudur.\u00a0\u0130nsan\u0131n m\u0259n\u0259vi al\u0259minin z\u0259nginl\u0259\u015fm\u0259sind\u0259, m\u00fck\u0259mm\u0259l t\u0259hsil almas\u0131nda ana dilinin m\u00fch\u00fcm rolu x\u00fcsusi vur\u011fulan\u0131b. Qeyd olunub ki, dilimizin safl\u0131\u011f\u0131n\u0131n v\u0259 z\u0259nginliyinin qorunmas\u0131 istiqam\u0259tind\u0259 ulu \u00f6nd\u0259r Heyd\u0259r \u018fliyevin d\u00fc\u015f\u00fcn\u00fclm\u00fc\u015f siyas\u0259ti haz\u0131rda Prezident \u0130lham \u018fliyev t\u0259r\u0259find\u0259n u\u011furla davam etdirilir.<\/p>\n<p><img loading=\"lazy\" decoding=\"async\" class=\"alignnone size-medium wp-image-1099\" src=\"https:\/\/zefer.info.az\/wp-content\/uploads\/2023\/02\/AzTU-Elifba-004-300x247.jpg\" alt=\"\" width=\"300\" height=\"247\" srcset=\"https:\/\/zefer.info.az\/wp-content\/uploads\/2023\/02\/AzTU-Elifba-004-300x247.jpg 300w, https:\/\/zefer.info.az\/wp-content\/uploads\/2023\/02\/AzTU-Elifba-004.jpg 416w\" sizes=\"(max-width: 300px) 100vw, 300px\" \/><\/p>\n<p>T\u0259dbird\u0259 video\u00e7arx n\u00fcmayi\u015f etdirilib v\u0259 t\u0259l\u0259b\u0259l\u0259rin ifas\u0131nda ana dili haqq\u0131nda \u015feirl\u0259r s\u0259sl\u0259ndirilib.<\/p>\n<p>&nbsp;<\/p>\n<p>.<\/p>\n","protected":false},"excerpt":{"rendered":"<p>Az\u0259rbaycan Texniki Universitetind\u0259 (AzTU) 21 fevral &#8211; Beyn\u0259lxalq Ana Dili G\u00fcn\u00fcn\u0259 h\u0259sr olunan \u201cDilim varsa,&#8230;<\/p>\n","protected":false},"author":1,"featured_media":1095,"comment_status":"open","ping_status":"open","sticky":false,"template":"","format":"standard","meta":{"footnotes":""},"categories":[3,33],"tags":[],"class_list":["post-1094","post","type-post","status-publish","format-standard","has-post-thumbnail","hentry","category-aztu","category-xbrlr-2"],"featured_image_urls":{"full":["https:\/\/zefer.info.az\/wp-content\/uploads\/2023\/02\/AzTU-Elifba-000.jpg",416,418,false],"thumbnail":["https:\/\/zefer.info.az\/wp-content\/uploads\/2023\/02\/AzTU-Elifba-000-150x150.jpg",150,150,true],"medium":["https:\/\/zefer.info.az\/wp-content\/uploads\/2023\/02\/AzTU-Elifba-000-300x300.jpg",300,300,true],"medium_large":["https:\/\/zefer.info.az\/wp-content\/uploads\/2023\/02\/AzTU-Elifba-000.jpg",416,418,false],"large":["https:\/\/zefer.info.az\/wp-content\/uploads\/2023\/02\/AzTU-Elifba-000.jpg",416,418,false],"1536x1536":["https:\/\/zefer.info.az\/wp-content\/uploads\/2023\/02\/AzTU-Elifba-000.jpg",416,418,false],"2048x2048":["https:\/\/zefer.info.az\/wp-content\/uploads\/2023\/02\/AzTU-Elifba-000.jpg",416,418,false],"newsphere-slider-full":["https:\/\/zefer.info.az\/wp-content\/uploads\/2023\/02\/AzTU-Elifba-000.jpg",416,418,false],"newsphere-featured":["https:\/\/zefer.info.az\/wp-content\/uploads\/2023\/02\/AzTU-Elifba-000.jpg",416,418,false],"newsphere-medium":["https:\/\/zefer.info.az\/wp-content\/uploads\/2023\/02\/AzTU-Elifba-000-416x380.jpg",416,380,true]},"author_info":{"display_name":"ZEFER.\u0130NFO.AZ","author_link":"https:\/\/zefer.info.az\/author\/admin"},"category_info":"<a href=\"https:\/\/zefer.info.az\/?cat=3\" rel=\"category\">AzTU<\/a> <a href=\"https:\/\/zefer.info.az\/?cat=33\" rel=\"category\">X\u0259b\u0259rl\u0259r<\/a>","tag_info":"X\u0259b\u0259rl\u0259r","comment_count":"0","_links":{"self":[{"href":"https:\/\/zefer.info.az\/index.php?rest_route=\/wp\/v2\/posts\/1094","targetHints":{"allow":["GET"]}}],"collection":[{"href":"https:\/\/zefer.info.az\/index.php?rest_route=\/wp\/v2\/posts"}],"about":[{"href":"https:\/\/zefer.info.az\/index.php?rest_route=\/wp\/v2\/types\/post"}],"author":[{"embeddable":true,"href":"https:\/\/zefer.info.az\/index.php?rest_route=\/wp\/v2\/users\/1"}],"replies":[{"embeddable":true,"href":"https:\/\/zefer.info.az\/index.php?rest_route=%2Fwp%2Fv2%2Fcomments&post=1094"}],"version-history":[{"count":6,"href":"https:\/\/zefer.info.az\/index.php?rest_route=\/wp\/v2\/posts\/1094\/revisions"}],"predecessor-version":[{"id":1105,"href":"https:\/\/zefer.info.az\/index.php?rest_route=\/wp\/v2\/posts\/1094\/revisions\/1105"}],"wp:featuredmedia":[{"embeddable":true,"href":"https:\/\/zefer.info.az\/index.php?rest_route=\/wp\/v2\/media\/1095"}],"wp:attachment":[{"href":"https:\/\/zefer.info.az\/index.php?rest_route=%2Fwp%2Fv2%2Fmedia&parent=1094"}],"wp:term":[{"taxonomy":"category","embeddable":true,"href":"https:\/\/zefer.info.az\/index.php?rest_route=%2Fwp%2Fv2%2Fcategories&post=1094"},{"taxonomy":"post_tag","embeddable":true,"href":"https:\/\/zefer.info.az\/index.php?rest_route=%2Fwp%2Fv2%2Ftags&post=1094"}],"curies":[{"name":"wp","href":"https:\/\/api.w.org\/{rel}","templated":true}]}}