{"id":1410,"date":"2023-09-21T20:35:50","date_gmt":"2023-09-21T16:35:50","guid":{"rendered":"https:\/\/zefer.info.az\/?p=1410"},"modified":"2023-09-28T15:10:09","modified_gmt":"2023-09-28T11:10:09","slug":"turkiy%c9%99-mudafi%c9%99-s%c9%99nayesi-basqanliginin-musaviri-aztu-da-olub","status":"publish","type":"post","link":"https:\/\/zefer.info.az\/?p=1410","title":{"rendered":"T\u00fcrkiy\u0259 M\u00fcdafi\u0259 S\u0259nayesi Ba\u015fqanl\u0131\u011f\u0131n\u0131n m\u00fc\u015faviri AzTU-da olub"},"content":{"rendered":"<p><span style=\"color: #3366ff;\"><strong>T\u00fcrkiy\u0259 M\u00fcdafi\u0259 S\u0259nayesi Ba\u015fqanl\u0131\u011f\u0131n\u0131n (SSB) Az\u0259rbaycan \u00fczr\u0259 m\u00fc\u015faviri \u0130lker T\u00fcrk\u00f6z Az\u0259rbaycan Texniki Universitetind\u0259 (AzTU) f\u0259aliyy\u0259t g\u00f6st\u0259r\u0259n \u201cBili\u015fim Vadisi Bak\u0131\u201dn\u0131 ziyar\u0259t edib.<\/strong><\/span><\/p>\n<p>Qonaq \u0259vv\u0259lc\u0259 <strong>AzTU-nun rektoru Vilay\u0259t V\u0259liyev<\/strong>l<span lang=\"AZ-LATIN\">\u0259 g\u00f6r\u00fc\u015f\u00fcb. <\/span><\/p>\n<p><span lang=\"AZ-LATIN\">G\u00f6r\u00fc\u015f zaman\u0131 universitetd\u0259 g\u00f6r\u00fcl\u0259n i\u015fl\u0259r, h\u0259yata ke\u00e7iril\u0259n layih\u0259l\u0259r v\u0259 yeni \u0259m\u0259kda\u015fl\u0131q istiqam\u0259tl\u0259ri il\u0259 ba\u011fl\u0131 fikir m\u00fcbadil\u0259si apar\u0131l\u0131b.<\/span><\/p>\n<p><img fetchpriority=\"high\" decoding=\"async\" class=\"alignnone wp-image-1412\" src=\"https:\/\/zefer.info.az\/wp-content\/uploads\/2023\/09\/Bilim-vadisi-002-300x168.jpg\" alt=\"\" width=\"521\" height=\"292\" srcset=\"https:\/\/zefer.info.az\/wp-content\/uploads\/2023\/09\/Bilim-vadisi-002-300x168.jpg 300w, https:\/\/zefer.info.az\/wp-content\/uploads\/2023\/09\/Bilim-vadisi-002.jpg 500w\" sizes=\"(max-width: 521px) 100vw, 521px\" \/><\/p>\n<p>Daha sonra <strong>\u201cBili\u015fim Vadisi Bak\u0131\u201dn\u0131n direktoru Qam\u0259t K\u0259rimov<\/strong> qona\u011fa texnopark\u0131n f\u0259aliyy\u0259ti, burada icra olunan layih\u0259l\u0259r haqq\u0131nda m\u0259lumat verib.<\/p>\n<p><strong>\u0130lker T\u00fcrk\u00f6z<\/strong> AzTU-nun m\u00fcxt\u0259lif laboratoriyalar\u0131 v\u0259 m\u0259rk\u0259zl\u0259rind\u0259 g\u00f6r\u00fcl\u0259n i\u015fl\u0259rl\u0259 d\u0259 tan\u0131\u015f olub.<\/p>\n<p><span style=\"color: #3366ff;\"><strong><em>&#8220;Ziya&#8221;<\/em><\/strong><\/span><\/p>\n<p>&nbsp;<\/p>\n<p>.<\/p>\n<p>&nbsp;<\/p>\n","protected":false},"excerpt":{"rendered":"<p>T\u00fcrkiy\u0259 M\u00fcdafi\u0259 S\u0259nayesi Ba\u015fqanl\u0131\u011f\u0131n\u0131n (SSB) Az\u0259rbaycan \u00fczr\u0259 m\u00fc\u015faviri \u0130lker T\u00fcrk\u00f6z Az\u0259rbaycan Texniki Universitetind\u0259 (AzTU) f\u0259aliyy\u0259t&#8230;<\/p>\n","protected":false},"author":1,"featured_media":1411,"comment_status":"open","ping_status":"open","sticky":false,"template":"","format":"standard","meta":{"footnotes":""},"categories":[3,16,17,33],"tags":[],"class_list":["post-1410","post","type-post","status-publish","format-standard","has-post-thumbnail","hentry","category-aztu","category-turan","category-xbrlr","category-xbrlr-2"],"featured_image_urls":{"full":["https:\/\/zefer.info.az\/wp-content\/uploads\/2023\/09\/Bilim-vadisi-001.jpg",500,373,false],"thumbnail":["https:\/\/zefer.info.az\/wp-content\/uploads\/2023\/09\/Bilim-vadisi-001-150x150.jpg",150,150,true],"medium":["https:\/\/zefer.info.az\/wp-content\/uploads\/2023\/09\/Bilim-vadisi-001-300x224.jpg",300,224,true],"medium_large":["https:\/\/zefer.info.az\/wp-content\/uploads\/2023\/09\/Bilim-vadisi-001.jpg",500,373,false],"large":["https:\/\/zefer.info.az\/wp-content\/uploads\/2023\/09\/Bilim-vadisi-001.jpg",500,373,false],"1536x1536":["https:\/\/zefer.info.az\/wp-content\/uploads\/2023\/09\/Bilim-vadisi-001.jpg",500,373,false],"2048x2048":["https:\/\/zefer.info.az\/wp-content\/uploads\/2023\/09\/Bilim-vadisi-001.jpg",500,373,false],"newsphere-slider-full":["https:\/\/zefer.info.az\/wp-content\/uploads\/2023\/09\/Bilim-vadisi-001.jpg",500,373,false],"newsphere-featured":["https:\/\/zefer.info.az\/wp-content\/uploads\/2023\/09\/Bilim-vadisi-001.jpg",500,373,false],"newsphere-medium":["https:\/\/zefer.info.az\/wp-content\/uploads\/2023\/09\/Bilim-vadisi-001.jpg",500,373,false]},"author_info":{"display_name":"ZEFER.\u0130NFO.AZ","author_link":"https:\/\/zefer.info.az\/author\/admin"},"category_info":"<a href=\"https:\/\/zefer.info.az\/?cat=3\" rel=\"category\">AzTU<\/a> <a href=\"https:\/\/zefer.info.az\/?cat=16\" rel=\"category\">TURAN<\/a> <a href=\"https:\/\/zefer.info.az\/?cat=17\" rel=\"category\">X\u018fB\u018fRL\u018fR<\/a> <a href=\"https:\/\/zefer.info.az\/?cat=33\" rel=\"category\">X\u0259b\u0259rl\u0259r<\/a>","tag_info":"X\u0259b\u0259rl\u0259r","comment_count":"0","_links":{"self":[{"href":"https:\/\/zefer.info.az\/index.php?rest_route=\/wp\/v2\/posts\/1410","targetHints":{"allow":["GET"]}}],"collection":[{"href":"https:\/\/zefer.info.az\/index.php?rest_route=\/wp\/v2\/posts"}],"about":[{"href":"https:\/\/zefer.info.az\/index.php?rest_route=\/wp\/v2\/types\/post"}],"author":[{"embeddable":true,"href":"https:\/\/zefer.info.az\/index.php?rest_route=\/wp\/v2\/users\/1"}],"replies":[{"embeddable":true,"href":"https:\/\/zefer.info.az\/index.php?rest_route=%2Fwp%2Fv2%2Fcomments&post=1410"}],"version-history":[{"count":4,"href":"https:\/\/zefer.info.az\/index.php?rest_route=\/wp\/v2\/posts\/1410\/revisions"}],"predecessor-version":[{"id":1420,"href":"https:\/\/zefer.info.az\/index.php?rest_route=\/wp\/v2\/posts\/1410\/revisions\/1420"}],"wp:featuredmedia":[{"embeddable":true,"href":"https:\/\/zefer.info.az\/index.php?rest_route=\/wp\/v2\/media\/1411"}],"wp:attachment":[{"href":"https:\/\/zefer.info.az\/index.php?rest_route=%2Fwp%2Fv2%2Fmedia&parent=1410"}],"wp:term":[{"taxonomy":"category","embeddable":true,"href":"https:\/\/zefer.info.az\/index.php?rest_route=%2Fwp%2Fv2%2Fcategories&post=1410"},{"taxonomy":"post_tag","embeddable":true,"href":"https:\/\/zefer.info.az\/index.php?rest_route=%2Fwp%2Fv2%2Ftags&post=1410"}],"curies":[{"name":"wp","href":"https:\/\/api.w.org\/{rel}","templated":true}]}}