{"id":1771,"date":"2023-11-30T20:15:38","date_gmt":"2023-11-30T16:15:38","guid":{"rendered":"https:\/\/zefer.info.az\/?p=1771"},"modified":"2023-12-18T02:42:45","modified_gmt":"2023-12-17T22:42:45","slug":"qehremanlar-anasi","status":"publish","type":"post","link":"https:\/\/zefer.info.az\/?p=1771","title":{"rendered":"Q\u018fHR\u018fMANLAR ANASI"},"content":{"rendered":"<p>Ad\u0131n \u015f\u0259r\u0259flidir s\u0259nin ey qad\u0131n,<\/p>\n<p>Dahil\u0259r anas\u0131 \u00e7a\u011f\u0131r\u0131l\u0131r ad\u0131n!<\/p>\n<p><em>S\u0259m\u0259d Vur\u011fun<\/em><\/p>\n<p><em>\u00a0<\/em><\/p>\n<p>B\u00f6y\u00fck f\u0259xr v\u0259 q\u00fcrur hissi il\u0259 qeyd etm\u0259liyik ki, do\u011fma V\u0259t\u0259nimiz Az\u0259r\u00adbaycan d\u00fcnya elm v\u0259 m\u0259d\u0259niyy\u0259t x\u0259\u00adzin\u0259sin\u0259 bir \u00e7ox dahi \u015f\u0259xsiyy\u0259tl\u0259r, o c\u00fcml\u0259d\u0259n, s\u0259rk\u0259rd\u0259l\u0259r, siyas\u0259t\u00e7il\u0259r, g\u00f6rk\u0259mli aliml\u0259r, \u015fairl\u0259r, b\u0259st\u0259karlar v\u0259 s. b\u0259x\u015f etmi\u015fdir. H\u0259tta tarixin m\u00fcx\u00ad\u00ad\u00adt\u0259lif c\u0259tin v\u0259 ke\u015fm\u0259ke\u015fli d\u00f6n\u0259m\u00adl\u0259rind\u0259 V\u0259t\u0259nimizin azadl\u0131\u011f\u0131 v\u0259 xalq\u0131m\u0131z\u0131n xo\u015fb\u0259xt v\u0259 fi\u00adra\u00advan h\u0259yat\u0131 namin\u0259 V\u0259t\u0259n o\u011fullar\u0131 b\u00f6y\u00fck f\u0259dakarl\u0131q v\u0259 q\u0259h\u00adr\u0259manl\u0131q g\u00f6st\u0259rmi\u015fl\u0259r. Xalq\u0131m\u0131za m\u0259xsus h\u0259min keyfiyy\u0259tl\u0259r bu g\u00fcn d\u0259 n\u0259sild\u0259n n\u0259sl\u0259 \u00f6t\u00fcr\u00fcl\u0259r\u0259k davam etm\u0259kd\u0259dir. Be\u00adl\u0259likl\u0259, d\u00fcnya \u015f\u00f6hr\u0259tli Az\u0259rbaycan\u0131m\u0131z dahil\u0259r v\u0259 q\u0259hr\u0259\u00adman\u00adlar yurdudur.<\/p>\n<p>Aqill\u0259r \u00e7ox do\u011fru de\u00adyib\u00adl\u0259r ki, in\u00adsan \u00f6mr\u00fc bir kitaba b\u0259n\u00adz\u0259\u00adyir. Bu kitab onun \u00f6m\u00fcr roman\u0131, \u00f6m\u00fcr dastan\u0131\u00add\u0131r. Oxu\u00adcular\u0131n diq\u00ad\u00adq\u0259\u00adtin\u0259 t\u0259qdim etdiyi\u00admiz bu m\u0259qa\u00adl\u0259d\u0259 yaz\u0131\u00e7\u0131, \u015fair s\u00f6z\u00fcn h\u0259\u00adqiqi m\u0259na\u00ads\u0131nda Az\u0259rbaycan qad\u0131\u00adn\u0131\u00adna v\u0259 q\u0259hr\u0259man analara m\u0259xsus \u00e7ox z\u0259n\u00adgin m\u0259n\u0259viyyat sahibi bir xan\u0131m bar\u0259d\u0259 s\u00f6z a\u00e7maq ist\u0259yir\u0259m. Bu xan\u0131m kimdir?<\/p>\n<p>Bu xa\u00adn\u0131m son ill\u0259r xal\u00adq\u0131m\u0131z\u0131n v\u0259 respublikam\u0131z\u0131n b\u00f6y\u00fck maraq v\u0259 m\u0259h\u0259bb\u0259tl\u0259 \u015feir\u00adl\u0259rini v\u0259 m\u0259qal\u0259l\u0259rini sev\u0259-sev\u0259 oxu\u00adduqlar\u0131 <strong>N\u0259zak\u0259t xa\u00adn\u0131m Salah q\u0131z\u0131 M\u0259m\u00ad\u00adm\u0259d\u00adlidir!<\/strong> Bu xan\u0131m ona m\u0259xsus b\u00fct\u00fcn adlar\u0131 bir q\u0131z \u00f6v\u00adlad\u0131 kimi, t\u0259l\u0259b\u0259 kimi, qad\u0131n v\u0259 v\u0259fal\u0131 qad\u0131n, qeyr\u0259tli v\u0259 l\u0259\u00adya\u00adq\u0259t\u00adli ana, n\u0259hay\u0259t alovlu, v\u0259t\u0259np\u0259rv\u0259r ziyal\u0131 bir \u015f\u0259x\u00ad\u00adsiyy\u0259t kimi <strong>Res\u00adpub\u00adli\u00adka Xatir\u0259 Kitab\u0131 Redak\u00adsi\u00adyas\u0131n\u0131n <\/strong>ba\u015f redaktorudur.<\/p>\n<p><img fetchpriority=\"high\" decoding=\"async\" class=\"alignnone size-medium wp-image-1773\" src=\"https:\/\/zefer.info.az\/wp-content\/uploads\/2023\/11\/Nezaket-Memmedli-002-249x300.jpg\" alt=\"\" width=\"249\" height=\"300\" srcset=\"https:\/\/zefer.info.az\/wp-content\/uploads\/2023\/11\/Nezaket-Memmedli-002-249x300.jpg 249w, https:\/\/zefer.info.az\/wp-content\/uploads\/2023\/11\/Nezaket-Memmedli-002.jpg 317w\" sizes=\"(max-width: 249px) 100vw, 249px\" \/><\/p>\n<p>Ana!.. V\u0259t\u0259n q\u0259d\u0259r \u0259ziz, d\u00fcnya q\u0259d\u0259r \u015firin ana! G\u00f6r\u0259s\u0259n, on\u00addan doyan varm\u0131?! Bu s\u00f6zl\u0259r dilimizin l\u00fc\u011f\u0259tind\u0259ki s\u00f6zl\u0259rin \u0259n g\u00f6z\u0259li, \u0259n m\u00fcqq\u0259d\u0259si, \u0259n \u00fclvisidir. Bu m\u0259nada Ana tor\u00adpaq, Ana V\u0259t\u0259n, Ana dili, Ana s\u00fcd\u00fc, Ana borcu, Ana n\u0259\u00adsi\u00adh\u0259ti, Ana haqq\u0131, Ana n\u0259f\u0259si v\u0259 s. kimi ifad\u0259l\u0259r dilimizd\u0259 \u00e7ox\u00adm\u0259nal\u0131l\u0131q yarat\u00admaq\u00adla b\u0259rab\u0259r, onun semantik tutumunu v\u0259 \u0259h\u0259miyy\u0259tini \u0259ks et\u00ad\u00addirir.<\/p>\n<p>Qeyd etm\u0259liyik ki, N\u0259zak\u0259t xa\u00adn\u0131m h\u0259m ail\u0259d\u0259, h\u0259m d\u0259 i\u015f\u00add\u0259 onu \u0259hat\u0259 ed\u0259n insanlar\u0131n b\u00f6y\u00fck m\u0259\u00adh\u0259b\u00adb\u0259tini qazan\u00admaqla b\u0259rab\u0259r, h\u0259m d\u0259 f\u0259aliyy\u0259t g\u00f6st\u0259rdiyi i\u015fl\u0259 \u0259laq\u0259dar ola\u00adraq Res\u00adpublikada ke\u00e7iril\u0259n b\u00fct\u00fcn t\u0259dbirl\u0259rd\u0259 f\u0259al i\u015ftirak edir, radio v\u0259 televiziya \u0259m\u0259kda\u015flar\u0131na m\u00fcsa\u00adhi\u00adb\u0259\u00adl\u0259r verir, \u00f6z d\u0259rin m\u0259z\u00admunlu g\u00f6z\u0259l \u015feir\u00adl\u0259ri il\u0259 \u00e7\u0131x\u0131\u015f edir:<\/p>\n<p><em>\u00a0<\/em><\/p>\n<p><em>Qad\u0131n anam\u0131zd\u0131r, qad\u0131n bac\u0131m\u0131z,<\/em><\/p>\n<p><em>Qad\u0131n \u015f\u00f6hr\u0259timiz, qad\u0131n \u015fan\u0131m\u0131z,<\/em><\/p>\n<p><em>Qad\u0131n e\u015fq \u00fcmman\u0131, sevgi d\u0259nizi,<\/em><\/p>\n<p><em>Qad\u0131n m\u0259h\u0259bb\u0259ti ya\u015fad\u0131r bizi!<\/em><\/p>\n<p>&nbsp;<\/p>\n<p><em>Qad\u0131ns\u0131z n\u0259 h\u0259yat, qad\u0131ns\u0131z n\u0259 g\u00fcn,<\/em><\/p>\n<p><em>Qad\u0131nla a\u00e7\u0131l\u0131r \u00f6mr\u00fcn s\u0259h\u0259ri,<\/em><\/p>\n<p><em>Bir g\u00fcn\u0259\u015f do\u011fmu\u015fdur insanlar \u00fc\u00e7\u00fcn,<\/em><\/p>\n<p><em>Qad\u0131n\u0131n \u00e7\u00f6hr\u0259si g\u00fcl\u0259nd\u0259n b\u0259ri&#8230;<\/em><\/p>\n<p>&nbsp;<\/p>\n<p>B\u00f6y\u00fck f\u0259xr v\u0259 q\u00fcrur hissi il\u0259 qeyd etm\u0259liyik ki, xalq\u0131\u00adm\u0131\u00adz\u0131n t\u0259\u015f\u0259kk\u00fcl tapmas\u0131nda onun d\u00f6vl\u0259t qurulu\u015funun formala\u015f\u00admas\u0131nda v\u0259 idar\u0259 edilm\u0259sind\u0259 ne\u00e7\u0259-ne\u00e7\u0259 igid, a\u011f\u0131ll\u0131 qad\u0131n\u00adla\u00adr\u0131n adlar\u0131 tariximizin q\u0131z\u0131l s\u0259hif\u0259l\u0259rin\u0259 yaz\u0131lm\u0131\u015fd\u0131r. Bu m\u0259\u00adna\u00adda Az\u0259r\u00adbay\u00adcan qad\u0131nlar\u0131 t\u0259kc\u0259 \u00f6z zahiri g\u00f6z\u0259llikl\u0259ri, fiziki ka\u00admillikl\u0259ril\u0259 deyil, h\u0259m\u00e7inin daxili m\u0259n\u0259vi d\u0259y\u0259rl\u0259ri il\u0259 f\u0259rq\u00adl\u0259n\u0259n xan\u0131m\u00adlar\u00add\u0131r. M\u0259hz bu s\u0259b\u0259bd\u0259ndir ki, Az\u0259r\u00adbaycan qa\u00add\u0131nlar\u0131 d\u00fcnya qa\u00add\u0131n\u00adlar\u0131 aras\u0131nda onunla f\u0259rql\u0259nir ki, onlar d\u00fcnya elm-m\u0259d\u0259\u00adniy\u00ady\u0259t x\u0259zin\u0259sin\u0259 bir s\u0131ra g\u00f6r\u00adk\u0259mli s\u0259rk\u0259r\u00add\u0259\u00adl\u0259r \u00f6lm\u0259z d\u00fcha sahib\u00adl\u0259ri b\u0259x\u015f etmi\u015f\u00adl\u0259r. Haz\u0131rda, Az\u0259r\u00adbay\u00adca\u00adn\u0131n y\u00fczl\u0259rl\u0259 \u015fair, yaz\u0131\u00e7\u0131, alim, m\u00fc\u00ad\u011f\u0259nni, b\u0259st\u0259kar, me\u00ad\u00admar, de\u00adputat v\u0259 diplomat qad\u0131nlar\u0131 c\u0259\u00admiyy\u0259timizin b\u0259z\u0259yin\u0259 \u00e7evril\u00admi\u015f\u00adl\u0259r.<\/p>\n<p><img decoding=\"async\" class=\"alignnone size-medium wp-image-1774\" src=\"https:\/\/zefer.info.az\/wp-content\/uploads\/2023\/11\/Nezaket-Memmedova-001-300x244.jpg\" alt=\"\" width=\"300\" height=\"244\" srcset=\"https:\/\/zefer.info.az\/wp-content\/uploads\/2023\/11\/Nezaket-Memmedova-001-300x244.jpg 300w, https:\/\/zefer.info.az\/wp-content\/uploads\/2023\/11\/Nezaket-Memmedova-001.jpg 462w\" sizes=\"(max-width: 300px) 100vw, 300px\" \/><\/p>\n<p>B\u0259li! <strong>N\u0259zak\u0259t xan\u0131m Salah q\u0131z\u0131 M\u0259mm\u0259dli<\/strong> bax bel\u0259 qa\u00add\u0131n\u00adlar\u0131\u00adm\u0131z\u00addan biridir. N\u0259zak\u0259t xan\u0131m \u0259vv\u0259ld\u0259 qeyd etdi\u00adyimiz kimi \u00f6z \u00fcz\u0259rin\u0259 d\u00fc\u015f\u0259n v\u0259zif\u0259l\u0259ri b\u00f6y\u00fck m\u0259suliyy\u0259t v\u0259 \u015f\u0259r\u0259f hissi il\u0259 yerin\u0259 yetirir. Bel\u0259 ki, V\u0259t\u0259n torpaqlar\u0131m\u0131z\u0131n azad olunmas\u0131nda o alovlu, v\u0259\u00adt\u0259np\u0259rv\u0259r, z\u0259ngin ziyal\u0131 z\u00f6vq\u00fc il\u0259 sanki q\u0259l\u0259mini s\u00fcn\u00adg\u00fcy\u0259 \u00e7e\u00advirmi\u015fdi. D\u00f6vl\u0259timizin ba\u015f\u00e7\u0131s\u0131, M\u00fcz\u0259ff\u0259r Ali Ba\u015f Ko\u00admandan, qalib lider ham\u0131n\u0131n inand\u0131\u011f\u0131, g\u00fcv\u0259ndiyi v\u0259 sevdiyi preziden\u00adtimiz <strong>\u0130LHAM \u018fL\u0130YEV<\/strong> ba\u015fda olmaqla Erm\u0259nistan q\u0259sbkar\u00adlar\u0131na qar\u015f\u0131 apar\u0131lan II Qaraba\u011f m\u00fcharib\u0259sind\u0259ki q\u0259l\u0259\u00adb\u0259y\u0259 b\u00f6y\u00fck inam v\u0259 \u00fcmid b\u0259sl\u0259yirdi. M\u0259nfur, v\u0259h\u015fi, nankor er\u00adm\u0259\u00adni fa\u015fistl\u0259rinin x\u0259yan\u0259tin\u0259 k\u0259skin nifr\u0259tl\u0259r b\u0259sl\u0259yir v\u0259 \u015fanl\u0131 q\u0259l\u0259b\u0259mizin yax\u0131nla\u015fd\u0131\u011f\u0131na inan\u0131r\u00add\u0131.<\/p>\n<p>Bel\u0259likl\u0259 apar\u0131lan 44 g\u00fcnl\u00fck V\u0259t\u0259n m\u00fcharib\u0259si d\u00f6vr\u00fcnd\u0259 N\u0259\u00adzak\u0259t xan\u0131m sanki \u00f6z\u00fc d\u0259 m\u00fcharib\u0259d\u0259 i\u015ftirak edirdi. \u00c7\u00fcnki m\u00fc\u00adharib\u0259 ba\u015flanan kimi, onun \u00f6vladlar\u0131 da d\u00f6y\u00fc\u015f\u0259n ordu s\u0131ra\u00adla\u00adr\u0131nda idil\u0259r. Bel\u0259 bir zamanda N\u0259zak\u0259t xan\u0131m sanki d\u00f6y\u00fc\u015f zo\u00adna\u00adlar\u0131nda komandirl\u0259rin, zabitl\u0259rin, \u0259sg\u0259rl\u0259rin ya\u00adn\u0131nda idi.<\/p>\n<p>Ah! M\u0259n N\u0259zak\u0259t xan\u0131m\u0131 tez-tez g\u00f6r\u00fcrd\u00fcm. O sanki Qara\u00adba\u011f\u00ad\u00adda, onun kims\u0259siz qalm\u0131\u015f me\u015f\u0259l\u0259rind\u0259, \u00e7\u00f6ll\u0259rind\u0259 q\u0259hr\u0259\u00adman\u00ad\u00adcas\u0131na d\u00f6y\u00fc\u015f\u0259n igid \u0259sg\u0259rl\u0259rimizi seyr edir, h\u0259m d\u0259 uca Tan\u00adr\u0131n\u0131n, Qadir Allah\u0131n, Haqq\u0131n d\u0259rgah\u0131na inanaraq onlara nik\u00adbin\u00adc\u0259sin\u0259 dualar edirdi. \u00c7ox-\u00e7ox t\u0259\u0259ss\u00fcfl\u0259r olsun ki, N\u0259\u00adzak\u0259t xa\u00ad\u00adn\u0131m bir z\u0259ngin, ziyal\u0131 xan\u0131m, m\u00fcq\u0259dd\u0259s ana v\u0259 qad\u0131n kimi, \u00e7ox h\u0259y\u0259canl\u0131 g\u00f6r\u00fcn\u00fcrd\u00fc. Lakin onun g\u00f6zl\u0259rinin d\u0259\u00adrinlikl\u0259rind\u0259 y\u00fcks\u0259k nikbinlik v\u0259 b\u00f6y\u00fck q\u0259l\u0259b\u0259 sevincini d\u0259 g\u00f6rm\u0259k m\u00fcm\u00adk\u00fcn idi.<\/p>\n<p>\u015e\u00fck\u00fcrl\u0259r olsun ki, N\u0259zak\u0259t xan\u0131m v\u0259 v\u0259t\u0259nimizin b\u00fct\u00fcn in\u00adsan\u00adlar\u0131 Qadir Allah\u0131n h\u00f6km\u00fcn\u00fc v\u0259 d\u00f6vl\u0259timizin q\u00fcdr\u0259tini g\u00f6r\u00ad\u00ad\u00add\u00fcl\u0259r. M\u00fcz\u0259ff\u0259r Ali Ba\u015f Komandan, qalib s\u0259rk\u0259rd\u0259 v\u0259 d\u00fcn\u00ad\u00adya \u015f\u00f6h\u00ad\u00adr\u0259tli sevimli prezidentimiz \u0130lham \u018fliyev c\u0259nab\u00adla\u00adr\u0131\u00adn\u0131n r\u0259h\u00adb\u0259rliyi alt\u0131nda b\u00fct\u00fcn xalq \u201cZ\u0259f\u0259r\u201d bayram\u0131n\u0131 qeyd et\u00addi.<\/p>\n<p>Art\u0131q m\u00fcharib\u0259d\u0259n \u00fc\u00e7 il \u00f6td\u00fc. Bu q\u0131sa m\u00fcdd\u0259t \u0259rzind\u0259 d\u00f6v\u00ad\u00ad\u00ad\u00adl\u0259timizin ba\u015f\u00e7\u0131s\u0131, <strong>Ali M\u00fcz\u0259ff\u0259r Ba\u015f Komandan \u0130lham \u018fliyev<\/strong> c\u0259nablar\u0131n\u0131n r\u0259hb\u0259rliyi alt\u0131nda Qaraba\u011f i\u015f\u011faldan v\u0259 i\u015f\u011fal\u00e7\u0131\u00adlar\u00addan tam azad olunaraq geni\u015fmiqyasl\u0131 b\u0259rpa v\u0259 qu\u00adruculuq i\u015fl\u0259\u00adri\u00adn\u0259 q\u0259d\u0259m qoymu\u015fdu. Lakin m\u0259nfur d\u00fc\u015fm\u0259n, y\u0131r\u00adt\u0131c\u0131, v\u0259h\u015fi hey\u00advan\u00adlar kimi, <strong>30<\/strong> ild\u0259 i\u015f\u011falda saxlad\u0131\u011f\u0131 Qara\u00adba\u011f\u0131n l\u0259zz\u0259tini ya\u00add\u0131n\u00addan \u00e7\u0131xara bilmir. Heyhat! Bunlar ha\u00adm\u0131s\u0131 m\u0259na\u00ads\u0131z v\u0259 bo\u015f x\u00fclyalard\u0131r. Bel\u0259 ki,<\/p>\n<p>&nbsp;<\/p>\n<p><em>Qaraba\u011fda g\u00f6z\u0259l h\u0259yat qaynay\u0131r,<\/em><\/p>\n<p><em>M\u0259nfur d\u00fc\u015fm\u0259n hikk\u0259sind\u0259n \u00e7atlay\u0131r,<\/em><\/p>\n<p><em>Z\u0259f\u0259rin\u0259 dost \u00f6lk\u0259l\u0259r \u0259l \u00e7al\u0131r,<\/em><\/p>\n<p><em>Do\u011fma V\u0259t\u0259n g\u00f6r\u00fc\u015f\u00fcn\u0259 g\u0259lirik,<\/em><\/p>\n<p><em>Ana V\u0259t\u0259n, t\u0259brikin\u0259 g\u0259lirik!\u00a0\u00a0\u00a0 <\/em><\/p>\n<p>&nbsp;<\/p>\n<p>\u00c7ox-\u00e7ox \u015f\u00fck\u00fcrl\u0259r olsun ki, biz \u015fanl\u0131 q\u0259l\u0259b\u0259mizin \u00fc\u00e7 ilini \u2013 \u201cZ\u0259f\u0259r\u201d bay\u00adram\u0131n\u0131 b\u00f6y\u00fck sevinc v\u0259 at\u0259\u015f\u00adf\u0259\u00ad\u015fanl\u0131qla bayram etdik! Bel\u0259 bir za\u00admanda n\u0259inki Az\u0259rbaycanda, h\u0259tta d\u00fcn\u00adyan\u0131n m\u00fcx\u00adt\u0259lif yerl\u0259rind\u0259 ya\u015fayan az\u0259rbaycanl\u0131lar v\u0259 s\u00fclh\u00adsev\u0259r xalqlar bi\u00adzim q\u0259l\u0259b\u0259miz\u0259, sevincimiz\u0259 \u015f\u0259rik olaraq onlar da z\u0259f\u0259r bay\u00adram\u0131 v\u0259 m\u00fcxt\u0259lif t\u0259dbirl\u0259r\u00a0 ke\u00e7irirl\u0259r.<\/p>\n<p>Ya\u015fas\u0131n \u00e7ox istedadl\u0131, d\u00fcnya \u015f\u00f6hr\u0259tli, qalib lider v\u0259 s\u0259r\u00adk\u0259rd\u0259, <strong>M\u00fc\u00adz\u0259ff\u0259r Ali Ba\u015f Komandan \u0130lham \u018fliyev<\/strong>, ya\u015fa\u00ads\u0131n Az\u0259r\u00adbaycan Ordusu, ya\u015fas\u0131n Az\u0259rbaycan Xalq\u0131!<\/p>\n<p>&nbsp;<\/p>\n<p>M\u0259n N\u0259zak\u0259t xan\u0131ma h\u0259sr olunmu\u015f bu m\u0259qal\u0259ni poetik s\u0259\u00adtirl\u0259rl\u0259 bitirm\u0259k ist\u0259yir\u0259m:<\/p>\n<p>&nbsp;<\/p>\n<p><em>Ad\u0131na layiqs\u0259n N\u0259zak\u0259t xan\u0131m,<\/em><\/p>\n<p><em>Sanki bir m\u0259l\u0259ks\u0259n ey af\u0259t xan\u0131m,<\/em><\/p>\n<p><em>S\u0259ninl\u0259 f\u0259xr edir Az\u0259rbaycan\u0131m,<\/em><\/p>\n<p><em>\u015eair xan\u0131m, bu ad g\u00fcn\u00fcn m\u00fcbar\u0259k,<\/em><\/p>\n<p><em>Ya\u015fa g\u00f6z\u0259l \u00f6mr\u00fc, y\u00fcz\u00fc d\u0259 g\u00f6r\u0259k!<\/em><\/p>\n<p><em>\u00a0 <\/em><\/p>\n<p><em>Bir \u00f6lk\u0259d\u0259 do\u011fulmu\u015fuq,<\/em><\/p>\n<p><em>S\u00f6hb\u0259tind\u0259n h\u0259zz alm\u0131\u015f\u0131q,<\/em><\/p>\n<p><em>Yubileyin\u0259 topla\u015fm\u0131\u015f\u0131q,<\/em><\/p>\n<p><em>\u015eair xan\u0131m, bu ad g\u00fcn\u00fcn m\u00fcbar\u0259k,<\/em><\/p>\n<p><em>Ya\u015fa g\u00f6z\u0259l \u00f6mr\u00fc, y\u00fcz\u00fc d\u0259 g\u00f6r\u0259k!<\/em><\/p>\n<p><em>\u00a0<\/em><\/p>\n<p><em>Ham\u0131ya b\u0259llidir pak n\u0259cab\u0259tin,<\/em><\/p>\n<p><em>Q\u0259lbin \u00e7ox geni\u015fdir, irad\u0259n m\u0259tin,<\/em><\/p>\n<p><em>Bir \u015fair q\u0131z\u0131san xalq\u0131n, mill\u0259tin,<\/em><\/p>\n<p><em>\u015eair xan\u0131m, bu ad g\u00fcn\u00fcn m\u00fcbar\u0259k,<\/em><\/p>\n<p><em>Ya\u015fa g\u00f6z\u0259l \u00f6mr\u00fc, y\u00fcz\u00fc d\u0259 g\u00f6r\u0259k!<\/em><\/p>\n<p><em>\u00a0<\/em><\/p>\n<p><em>Kamal\u0131nla ucalm\u0131san,<\/em><\/p>\n<p><em>Ail\u0259nd\u0259n g\u00fcc alm\u0131san,<\/em><\/p>\n<p><em>\u00dcr\u0259kl\u0259r\u0259 od salm\u0131san,<\/em><\/p>\n<p><em>\u015eair xan\u0131m, bu ad g\u00fcn\u00fcn m\u00fcbar\u0259k,<\/em><\/p>\n<p><em>Ya\u015fa g\u00f6z\u0259l \u00f6mr\u00fc, y\u00fcz\u00fc d\u0259 g\u00f6r\u0259k!<\/em><\/p>\n<p><em>\u00a0<\/em><\/p>\n<p><em>Bu q\u0259d\u0259r ki, s\u0259n g\u00f6z\u0259ls\u0259n,<\/em><\/p>\n<p><em>C\u0259vahirs\u0259n, yoxsa l\u0259ls\u0259n,<\/em><\/p>\n<p><em>\u0130\u015f\u0131q sa\u00e7an bir m\u0259\u015f\u0259ls\u0259n,<\/em><\/p>\n<p><em>\u015eair xan\u0131m, bu ad g\u00fcn\u00fcn m\u00fcbar\u0259k,<\/em><\/p>\n<p><em>Ya\u015fa g\u00f6z\u0259l \u00f6mr\u00fc, y\u00fcz\u00fc d\u0259 g\u00f6r\u0259k!<\/em><\/p>\n<p><em>\u00a0<\/em><\/p>\n<p><em>M\u0259nal\u0131 \u00f6mr\u00fcn\u00fc S\u018fN m\u0259\u011frur ya\u015fa,<\/em><\/p>\n<p><em>G\u00f6z\u0259l insanlarla S\u018fN \u0259yl\u0259\u015f qo\u015fa,<\/em><\/p>\n<p><em>Bu \u00f6m\u00fcr n\u0259dir ki, y\u00fcz il d\u0259 ya\u015fa,<\/em><\/p>\n<p><em>\u015eair xan\u0131m, bu ad g\u00fcn\u00fcn m\u00fcbar\u0259k,<\/em><\/p>\n<p><em>Ya\u015fa g\u00f6z\u0259l \u00f6mr\u00fc, y\u00fcz\u00fc d\u0259 g\u00f6r\u0259k!<\/em><\/p>\n<p><em>\u00a0<\/em><\/p>\n<p><em>Qoy, arzular \u00e7in olsun,<\/em><\/p>\n<p><em>Q\u0259lbl\u0259r sevincl\u0259 dolsun,<\/em><\/p>\n<p><em>Xalq\u0131m\u0131z xo\u015fb\u0259xt olsun,<\/em><\/p>\n<p><em>Sizi <strong>ALLAH<\/strong> qorusun,<\/em><\/p>\n<p><em>\u015eair xan\u0131m, bu ad g\u00fcn\u00fcn m\u00fcbar\u0259k,<\/em><\/p>\n<p><em>Ya\u015fa g\u00f6z\u0259l \u00f6mr\u00fc, y\u00fcz\u00fc d\u0259 g\u00f6r\u0259k!<\/em><\/p>\n<p>&nbsp;<\/p>\n<p><strong><em> <img decoding=\"async\" class=\"alignnone size-full wp-image-1775\" src=\"https:\/\/zefer.info.az\/wp-content\/uploads\/2023\/11\/Zefer-1770-Irade-Gozel.jpg\" alt=\"\" width=\"194\" height=\"300\" \/><\/em><\/strong><\/p>\n<p><em>\u0130rad\u0259 G\u00f6z\u0259l <\/em><\/p>\n<p><em>V\u018fL\u0130B\u018fYL\u0130,<\/em><\/p>\n<p><em>Filologiya \u00fczr\u0259 <\/em><\/p>\n<p><em>f\u0259ls\u0259f\u0259 doktoru, <\/em><\/p>\n<p><em>\u015fair-publisist, <\/em><\/p>\n<p><em>\u201cQ\u0131z\u0131l q\u0259l\u0259m\u201d media <\/em><\/p>\n<p><em>m\u00fckafat\u0131 laureat\u0131<\/em><\/p>\n<p><em>ZiM.Az<\/em><\/p>\n<p>&nbsp;<\/p>\n<p>&nbsp;<\/p>\n","protected":false},"excerpt":{"rendered":"<p>Ad\u0131n \u015f\u0259r\u0259flidir s\u0259nin ey qad\u0131n, Dahil\u0259r anas\u0131 \u00e7a\u011f\u0131r\u0131l\u0131r ad\u0131n! S\u0259m\u0259d Vur\u011fun \u00a0 B\u00f6y\u00fck f\u0259xr v\u0259&#8230;<\/p>\n","protected":false},"author":1,"featured_media":1772,"comment_status":"open","ping_status":"open","sticky":false,"template":"","format":"standard","meta":{"footnotes":""},"categories":[67,101,17],"tags":[],"class_list":["post-1771","post","type-post","status-publish","format-standard","has-post-thumbnail","hentry","category-qadin-dunyasi","category-taniyaq-v-tanidaq","category-xbrlr"],"featured_image_urls":{"full":["https:\/\/zefer.info.az\/wp-content\/uploads\/2023\/11\/Nezaket-Memmedli-001.jpg",247,375,false],"thumbnail":["https:\/\/zefer.info.az\/wp-content\/uploads\/2023\/11\/Nezaket-Memmedli-001-150x150.jpg",150,150,true],"medium":["https:\/\/zefer.info.az\/wp-content\/uploads\/2023\/11\/Nezaket-Memmedli-001-198x300.jpg",198,300,true],"medium_large":["https:\/\/zefer.info.az\/wp-content\/uploads\/2023\/11\/Nezaket-Memmedli-001.jpg",247,375,false],"large":["https:\/\/zefer.info.az\/wp-content\/uploads\/2023\/11\/Nezaket-Memmedli-001.jpg",247,375,false],"1536x1536":["https:\/\/zefer.info.az\/wp-content\/uploads\/2023\/11\/Nezaket-Memmedli-001.jpg",247,375,false],"2048x2048":["https:\/\/zefer.info.az\/wp-content\/uploads\/2023\/11\/Nezaket-Memmedli-001.jpg",247,375,false],"newsphere-slider-full":["https:\/\/zefer.info.az\/wp-content\/uploads\/2023\/11\/Nezaket-Memmedli-001.jpg",247,375,false],"newsphere-featured":["https:\/\/zefer.info.az\/wp-content\/uploads\/2023\/11\/Nezaket-Memmedli-001.jpg",247,375,false],"newsphere-medium":["https:\/\/zefer.info.az\/wp-content\/uploads\/2023\/11\/Nezaket-Memmedli-001.jpg",247,375,false]},"author_info":{"display_name":"ZEFER.\u0130NFO.AZ","author_link":"https:\/\/zefer.info.az\/author\/admin"},"category_info":"<a href=\"https:\/\/zefer.info.az\/?cat=67\" rel=\"category\">Qad\u0131n d\u00fcnyas\u0131<\/a> <a href=\"https:\/\/zefer.info.az\/?cat=101\" rel=\"category\">TANIYAQ v\u0259 TANIDAQ!<\/a> <a href=\"https:\/\/zefer.info.az\/?cat=17\" rel=\"category\">X\u018fB\u018fRL\u018fR<\/a>","tag_info":"X\u018fB\u018fRL\u018fR","comment_count":"0","_links":{"self":[{"href":"https:\/\/zefer.info.az\/index.php?rest_route=\/wp\/v2\/posts\/1771","targetHints":{"allow":["GET"]}}],"collection":[{"href":"https:\/\/zefer.info.az\/index.php?rest_route=\/wp\/v2\/posts"}],"about":[{"href":"https:\/\/zefer.info.az\/index.php?rest_route=\/wp\/v2\/types\/post"}],"author":[{"embeddable":true,"href":"https:\/\/zefer.info.az\/index.php?rest_route=\/wp\/v2\/users\/1"}],"replies":[{"embeddable":true,"href":"https:\/\/zefer.info.az\/index.php?rest_route=%2Fwp%2Fv2%2Fcomments&post=1771"}],"version-history":[{"count":1,"href":"https:\/\/zefer.info.az\/index.php?rest_route=\/wp\/v2\/posts\/1771\/revisions"}],"predecessor-version":[{"id":1776,"href":"https:\/\/zefer.info.az\/index.php?rest_route=\/wp\/v2\/posts\/1771\/revisions\/1776"}],"wp:featuredmedia":[{"embeddable":true,"href":"https:\/\/zefer.info.az\/index.php?rest_route=\/wp\/v2\/media\/1772"}],"wp:attachment":[{"href":"https:\/\/zefer.info.az\/index.php?rest_route=%2Fwp%2Fv2%2Fmedia&parent=1771"}],"wp:term":[{"taxonomy":"category","embeddable":true,"href":"https:\/\/zefer.info.az\/index.php?rest_route=%2Fwp%2Fv2%2Fcategories&post=1771"},{"taxonomy":"post_tag","embeddable":true,"href":"https:\/\/zefer.info.az\/index.php?rest_route=%2Fwp%2Fv2%2Ftags&post=1771"}],"curies":[{"name":"wp","href":"https:\/\/api.w.org\/{rel}","templated":true}]}}