{"id":2106,"date":"2024-08-23T00:08:12","date_gmt":"2024-08-22T20:08:12","guid":{"rendered":"https:\/\/zefer.info.az\/?p=2106"},"modified":"2024-08-23T00:08:12","modified_gmt":"2024-08-22T20:08:12","slug":"qelemi-silaha-deyisentarix-yazan-ve-tarixe-donen-muzefferli-kenan-azer-oglu","status":"publish","type":"post","link":"https:\/\/zefer.info.az\/?p=2106","title":{"rendered":"Q\u018fL\u018fM\u0130 S\u0130LAHA D\u018fY\u0130\u015e\u018fN,TAR\u0130X YAZAN V\u018f TAR\u0130X\u018f D\u00d6N\u018fN M\u00dcZ\u018fFF\u018fRL\u0130 K\u018fNAN AZ\u018fR O\u011eLU"},"content":{"rendered":"<p dir=\"ltr\"><span style=\"color: #ff0000;\"><strong>Az\u0259rbaycan\u0131n dilb\u0259r gu\u015f\u0259l\u0259rind\u0259n birind\u0259 G\u0259d\u0259b\u0259y rayonunun \u00c7alburun k\u0259ndind\u0259, z\u0259hm\u0259tke\u015f bir ail\u0259d\u0259 d\u00fcnyaya g\u00f6z a\u00e7d\u0131 K\u0259nan M\u00fcz\u0259ff\u0259rli. O, ail\u0259nin ikinci \u00f6vlad\u0131 idi. Atas\u0131 Az\u0259r b\u0259y, anas\u0131 R\u0259mziyy\u0259 xan\u0131m\u0131n ail\u0259sin\u0259 \u00f6z g\u0259li\u015fi il\u0259 d\u00fcnya boyda sevinc,g\u00f6z\u0259llik g\u0259tirdi. B\u00fct\u00fcn k\u0259nd u\u015faqlar\u0131 kimi b\u00f6y\u00fcd\u00fc: d\u0259c\u0259l,\u015f\u0131ltaq b\u0259z\u0259n d\u0259 \u00fcz\u00fcyola. Anas\u0131n\u0131n sirda\u015f\u0131, atas\u0131n\u0131n dostu oldu h\u0259r zaman. \u00dcr\u0259yind\u0259 \u00e7ox b\u00f6y\u00fck V\u0259t\u0259n sevgisi, torpaq h\u0259sr\u0259ti\u00a0 da\u015f\u0131y\u0131rd\u0131 K\u0259nan. O, h\u0259r yerd\u0259, h\u0259r add\u0131m\u0131nda n\u00fcmun\u0259vi olma\u011fa \u00e7al\u0131\u015f\u0131rd\u0131. Onun \u00fc\u00e7\u00fcn dostluq da,yolda\u015fl\u0131q da ,s\u0259mimiyy\u0259t d\u0259 \u00e7ox \u00f6n\u0259mli idi. M\u0259hz buna g\u00f6r\u0259dir ki, o, u\u015faql\u0131q ill\u0259rind\u0259n\u00a0 dostluq etdiyi Elvin Mustafayevl\u0259 \u015f\u0259had\u0259t\u0259 d\u0259 birlikd\u0259 getdi.<\/strong><\/span><br \/>\n<span style=\"color: #ff0000;\"><strong>\u00a0 K\u0259nan 1995-ci ild\u0259 d\u00fcnyaya g\u00f6z a\u00e7m\u0131\u015fd\u0131. V\u0259 25 il ya\u015fad\u0131. Amma bir mill\u0259tin q\u0259hr\u0259manl\u0131q salnam\u0259sini \u0259b\u0259di ya\u015fadanlardan oldu. O, bir anan\u0131n b\u0259tnind\u0259n d\u00fcnyaya g\u00f6z a\u00e7d\u0131, amma b\u00fct\u00fcn \u015e\u0259hidl\u0259r kimi milyonlarla analar\u0131n \u00f6vlad\u0131na \u00e7evrildi.<\/strong><\/span><\/p>\n<p dir=\"ltr\">\u00a0<img fetchpriority=\"high\" decoding=\"async\" class=\"alignnone  wp-image-2109\" src=\"https:\/\/zefer.info.az\/wp-content\/uploads\/2024\/08\/Kenan-Sehid-02-264x300.jpg\" alt=\"\" width=\"300\" height=\"341\" srcset=\"https:\/\/zefer.info.az\/wp-content\/uploads\/2024\/08\/Kenan-Sehid-02-264x300.jpg 264w, https:\/\/zefer.info.az\/wp-content\/uploads\/2024\/08\/Kenan-Sehid-02.jpg 440w\" sizes=\"(max-width: 300px) 100vw, 300px\" \/><br \/>\nK\u0259nan 2002-2013-c\u00fc ill\u0259rd\u0259\u00a0 \u00f6z do\u011fma k\u0259ndind\u0259 orta t\u0259hsil alm\u0131\u015f v\u0259 orta m\u0259kt\u0259bi bitirdiyi il d\u0259 Sumqay\u0131t D\u00f6vl\u0259t Universitetinin filologiya fak\u00fclt\u0259sin\u0259 q\u0259bul olmu\u015fdu. Ali t\u0259hsilini bitirdikd\u0259n sonra 2017-ci ild\u0259 h\u0259rbi xidm\u0259t\u0259 \u00e7a\u011f\u0131r\u0131lm\u0131\u015f v\u0259 2017-2018-ci ill\u0259rd\u0259 Nax\u00e7\u0131van X\u00fcsusi T\u0259yinatl\u0131 Qo\u015funlar\u0131nda\u00a0 xidm\u0259t etmi\u015fdi. Orda g\u00f6st\u0259rdiyi n\u00fcmun\u0259vi xidm\u0259t v\u0259 C\u00fcnn\u00fct k\u0259ndinin azad olunmas\u0131 u\u011frunda g\u00f6st\u0259rdiyi \u015f\u00fcca\u0259t\u0259 g\u00f6r\u0259 xatir\u0259 h\u0259diyy\u0259si v\u0259 f\u0259xri f\u0259rmanla m\u00fckafatland\u0131r\u0131lm\u0131\u015fd\u0131.<\/p>\n<p dir=\"ltr\"><img decoding=\"async\" class=\"alignnone  wp-image-2111\" src=\"https:\/\/zefer.info.az\/wp-content\/uploads\/2024\/08\/Kenan-Sehid-001-267x300.jpg\" alt=\"\" width=\"300\" height=\"337\" srcset=\"https:\/\/zefer.info.az\/wp-content\/uploads\/2024\/08\/Kenan-Sehid-001-267x300.jpg 267w, https:\/\/zefer.info.az\/wp-content\/uploads\/2024\/08\/Kenan-Sehid-001.jpg 440w\" sizes=\"(max-width: 300px) 100vw, 300px\" \/><\/p>\n<p dir=\"ltr\">Ruhunda v\u0259t\u0259np\u0259rv\u0259rlik hissi da\u015f\u0131yan, damar\u0131nda v\u0259t\u0259n sevgisi axan bu g\u0259nc m\u00fc\u0259llim 2019-cu ilin sentyabr ay\u0131nda pedaqoji f\u0259aliyy\u0259t\u0259 ba\u015flam\u0131\u015f v\u0259 bir il m\u00fcdd\u0259tind\u0259 m\u0259kt\u0259bd\u0259 Az\u0259rbaycan dili v\u0259 \u0259d\u0259biyyat\u0131 f\u0259nnini t\u0259dris etmi\u015fdir. K\u0259nan h\u0259r yerd\u0259 n\u00fcmun\u0259vi olma\u011fa \u00e7al\u0131\u015f\u0131rd\u0131. M\u0259kt\u0259bd\u0259 \u015fagirdl\u0259rinin sevimli m\u00fc\u0259llimi,evd\u0259 valideynl\u0259rinin sevimli \u00f6vlad\u0131, yax\u0131nlar\u0131n\u0131n do\u011fmas\u0131,\u0259zizi idi. O,dostlu\u011fa\u00a0 d\u0259y\u0259r ver\u0259n, dost olma\u011f\u0131 bacaran bir g\u0259nc idi. Onun Elvin Mustafayevl\u0259 u\u015faql\u0131qdan ba\u015flayan dostlu\u011fu s\u0259mimi bir qarda\u015fl\u0131\u011fa \u00e7evrilmi\u015fdi. M\u0259hz h\u0259min dostluq v\u0259 s\u0259mimiyy\u0259t onlar\u0131 2020-ci ild\u0259 k\u00f6n\u00fcll\u00fc olaraq t\u0259liml\u0259r\u0259 birlikd\u0259 qo\u015fulma\u011fa\u00a0 s\u00f6vq etdi. V\u0259 sonunda onlar \u015f\u0259hid m\u0259qam\u0131na da birlikd\u0259 \u00e7atd\u0131lar: Eyni g\u00fcnd\u0259,eyni anda, eyni yerd\u0259&#8230;<\/p>\n<p dir=\"ltr\"><em>M\u0259\u011frur-m\u0259\u011frur dayan\u0131bsan zirv\u0259d\u0259,<\/em><br \/>\n<em>V\u0259t\u0259n\u0259 \u0259man\u0259t olan, \u015e\u0259hidim.<\/em><br \/>\n<em>Q\u00fcrur verdin bu xalqa,bu mill\u0259t\u0259,<\/em><br \/>\n<em>G\u0259nc ya\u015fda bahar\u0131 solan \u015e\u0259hidim&#8230;<\/em><\/p>\n<p dir=\"ltr\">Bu g\u00fcn R\u0259mziyy\u0259 ana k\u00f6vr\u0259lir&#8230; o\u011fluna \u00fcnvanlad\u0131\u011f\u0131 k\u00f6vr\u0259k v\u0259 h\u0259ssas duy\u011fular\u0131n\u0131 h\u0259zin-h\u0259zin dil\u0259 g\u0259tirir.Onunla ke\u00e7\u0259n g\u00fcnl\u0259rini h\u0259sr\u0259tl\u0259 soraqlay\u0131r.\u00a0 K\u0259nan haqq\u0131nda dan\u0131\u015fanda,ona olan ba\u011fl\u0131l\u0131\u011f\u0131ndan s\u00f6z a\u00e7anda anan\u0131n g\u00f6zl\u0259ri dolur, h\u00f6nk\u00fcr-h\u00f6nk\u00fcr a\u011flay\u0131r&#8230;Atas\u0131 Az\u0259r b\u0259y&#8230;o, daha m\u00f6hk\u0259m dayanma\u011fa \u00e7al\u0131\u015f\u0131r. Ax\u0131 o, \u015f\u0259r\u0259fli bir o\u011fulun atas\u0131d\u0131r. Amma atan\u0131n g\u00f6zl\u0259rind\u0259ki k\u0259d\u0259r, bax\u0131\u015flar\u0131nda olan h\u0259sr\u0259t onun q\u0259lbind\u0259 olan\u00a0 ac\u0131n\u0131n n\u0259 q\u0259d\u0259r b\u00f6y\u00fck, \u00e7iyinl\u0259rind\u0259 olan y\u00fck\u00fcn n\u0259 q\u0259d\u0259r a\u011f\u0131r oldu\u011funu g\u00f6st\u0259rir.<\/p>\n<p dir=\"ltr\"><img decoding=\"async\" class=\"alignnone  wp-image-2108\" src=\"https:\/\/zefer.info.az\/wp-content\/uploads\/2024\/08\/Kenan-Sehid-003-300x275.jpg\" alt=\"\" width=\"300\" height=\"275\" srcset=\"https:\/\/zefer.info.az\/wp-content\/uploads\/2024\/08\/Kenan-Sehid-003-300x275.jpg 300w, https:\/\/zefer.info.az\/wp-content\/uploads\/2024\/08\/Kenan-Sehid-003.jpg 440w\" sizes=\"(max-width: 300px) 100vw, 300px\" \/><\/p>\n<p dir=\"ltr\">K\u0259nan v\u0259 onun dostu Elvin Mustafayev Z\u0259ngilan u\u011frunda ged\u0259n d\u00f6y\u00fc\u015fl\u0259rd\u0259 27 oktyabr tarixind\u0259 eyni anda, eyni yerd\u0259 \u015f\u0259hidlik zirv\u0259sin\u0259 ucalm\u0131\u015flar.V\u0259t\u0259ni \u00fcr\u0259yind\u0259 da\u015f\u0131y\u0131b \u0259m\u0259li il\u0259 ya\u015fadan bu iki q\u0259hr\u0259man \u015f\u0259hid b\u00fct\u00fcn dig\u0259r \u015e\u0259hidl\u0259rimiz kimi Az\u0259rbaycan d\u00f6vl\u0259tinin z\u0259f\u0259r tarixinin \u015fanl\u0131 s\u0259hif\u0259sini yazanlardan oldular.<br \/>\nM\u00fcz\u0259ff\u0259rli K\u0259nan Az\u0259r o\u011flu \u00f6l\u00fcm\u00fcnd\u0259n sonra<em><strong> &#8220;V\u0259t\u0259n U\u011frunda&#8221;, &#8220;D\u00f6y\u00fc\u015fd\u0259 f\u0259rql\u0259nm\u0259y\u0259 g\u00f6r\u0259&#8221; v\u0259 &#8220;F\u00fczulinin azad olunmas\u0131na g\u00f6r\u0259&#8221; <\/strong><\/em>medallar\u0131 il\u0259 t\u0259ltif olunub. O, q\u0259l\u0259mi silaha d\u0259yi\u015f\u0259n, t\u0259hsil ordusunda olan xidm\u0259tini q\u0131z\u011f\u0131n d\u00f6y\u00fc\u015f meydanlar\u0131nda davam etdir\u0259n,isti yata\u011f\u0131n\u0131 soyuq s\u0259ng\u0259rl\u0259rl\u0259 \u0259v\u0259z ed\u0259n tarix yazan v\u0259 \u00f6z\u00fc d\u0259 tarix\u0259 d\u00f6n\u0259r\u0259k \u00f6l\u00fcms\u00fczl\u00fck qazanan \u015f\u0259r\u0259fli bir Az\u0259rbaycan \u0259sg\u0259ri v\u0259 \u0259sil Az\u0259rbaycan v\u0259t\u0259nda\u015f\u0131 idi.<\/p>\n<p dir=\"ltr\"><img loading=\"lazy\" decoding=\"async\" class=\"alignnone  wp-image-2110\" src=\"https:\/\/zefer.info.az\/wp-content\/uploads\/2024\/08\/Kenan-Sehid-00-176x300.jpg\" alt=\"\" width=\"300\" height=\"511\" srcset=\"https:\/\/zefer.info.az\/wp-content\/uploads\/2024\/08\/Kenan-Sehid-00-176x300.jpg 176w, https:\/\/zefer.info.az\/wp-content\/uploads\/2024\/08\/Kenan-Sehid-00.jpg 440w\" sizes=\"(max-width: 300px) 100vw, 300px\" \/><\/p>\n<p dir=\"ltr\">M\u00fcz\u0259ff\u0259r ordunun\u00a0 M\u00fcz\u0259ff\u0259r soyadl\u0131 q\u0259hr\u0259man \u015e\u0259hidinin ruhu qar\u015f\u0131s\u0131nda ba\u015f \u0259yir v\u0259 \u015f\u0259had\u0259t \u015f\u0259rb\u0259tini i\u00e7\u0259n b\u00fct\u00fcn \u015f\u0259hidl\u0259rimiz\u0259 Allahdan r\u0259hm\u0259t dil\u0259yir\u0259m.<br \/>\n<em>V\u0259 sonda K\u0259nana \u00fcnvanlad\u0131\u011f\u0131m bir \u015feirl\u0259 fikrimi tamamlamaq ist\u0259yir\u0259m:<\/em><\/p>\n<p dir=\"ltr\"><img loading=\"lazy\" decoding=\"async\" class=\"alignnone  wp-image-2112\" src=\"https:\/\/zefer.info.az\/wp-content\/uploads\/2024\/08\/Kenan-Sehid-005-269x300.jpg\" alt=\"\" width=\"300\" height=\"335\" srcset=\"https:\/\/zefer.info.az\/wp-content\/uploads\/2024\/08\/Kenan-Sehid-005-269x300.jpg 269w, https:\/\/zefer.info.az\/wp-content\/uploads\/2024\/08\/Kenan-Sehid-005.jpg 440w\" sizes=\"(max-width: 300px) 100vw, 300px\" \/><\/p>\n<p dir=\"ltr\"><span style=\"color: #ff0000;\"><strong>\u015e\u018fH\u0130D K\u018fNAN<\/strong><\/span><\/p>\n<p dir=\"ltr\"><span style=\"color: #ff0000;\"><strong><em>\u015e\u0259hid\u00a0 M\u00fcz\u0259ff\u0259rli K\u0259nan\u00a0 Az\u0259r o\u011flunun ruhuna ithaf olunur.<\/em><\/strong><\/span><\/p>\n<p dir=\"ltr\">Bir ana a\u011flay\u0131r tutub \u00fcz\u00fcn\u00fc,<br \/>\nK\u00f6ks\u00fcnd\u0259 bir K\u0259nan h\u0259sr\u0259ti qal\u0131b.<br \/>\nBir ata yollardan \u00e7\u0259kmir g\u00f6z\u00fcn\u00fc,<br \/>\nYollarda bir o\u011ful qism\u0259ti qal\u0131b.<br \/>\n****<br \/>\nAnan\u0131n q\u0259lbind\u0259n bir f\u0259ryad qopur,<br \/>\nTorpaq da a\u011flay\u0131r,da\u015f da a\u011flay\u0131r.<br \/>\nAtan\u0131n ruhuna bir k\u0259d\u0259r hopur,<br \/>\nQuru da a\u011flay\u0131r, ya\u015f da a\u011flay\u0131r.<br \/>\n****<br \/>\nBir o\u011ful b\u00f6y\u00fctm\u0259k asan deyil ki,<br \/>\nQ\u0259lbinin odunu qoyasan\u00a0 g\u0259r\u0259k.<br \/>\n\u0130gidlik dastan\u0131 yazan deyir ki,<br \/>\nV\u0259t\u0259ni ruhunda duyasan g\u0259r\u0259k.<br \/>\n****<br \/>\nBir \u015e\u0259hid boylan\u0131r xatir\u0259l\u0259rd\u0259n,<br \/>\n\u00dcz\u00fcnd\u0259 t\u0259b\u0259ss\u00fcm, \u0259lind\u0259 q\u0259l\u0259m.<br \/>\nV\u0259t\u0259n haray\u0131na yeti\u015f\u0259n g\u00fcnd\u0259n,<br \/>\nQ\u0259l\u0259m silah\u00a0 oldu, d\u0259yi\u015fdi al\u0259m.<br \/>\n****<br \/>\nM\u0259qam\u0131n ucad\u0131r, ey \u015e\u0259hid\u00a0 K\u0259nan,<br \/>\nDa\u011ft\u0259k \u0259z\u0259m\u0259tli o\u011fulsan,\u0259rs\u0259n.<br \/>\n\u018fmin\u0259m yen\u0259 d\u0259 igid olard\u0131n,<br \/>\nD\u00fcnyaya yenid\u0259n K\u0259nan t\u0259k g\u0259ls\u0259n!<\/p>\n<p dir=\"ltr\">\n<p dir=\"ltr\"><span style=\"color: #ff0000;\"><strong>RAM\u0130L\u018f \u018fL\u0130YEVA,<\/strong><\/span><\/p>\n<p dir=\"ltr\"><span style=\"color: #ff0000;\"><em><strong>&#8220;Z\u018fF\u018fR&#8221; <\/strong><\/em><\/span><\/p>\n<p dir=\"ltr\"><span style=\"color: #ff0000;\"><em><strong>\u0130NFORMAS\u0130YA M\u018fRK\u018fZ\u0130N\u0130N <\/strong><\/em><\/span><\/p>\n<p dir=\"ltr\"><span style=\"color: #ff0000;\"><em><strong>REDAKTORU<\/strong><\/em><\/span><\/p>\n<p dir=\"ltr\"><span style=\"color: #3366ff;\"><em><strong>zefer.info.az<\/strong><\/em><\/span><\/p>\n<p dir=\"ltr\"><span style=\"color: #3366ff;\"><strong><em>ZiM.Az<\/em><\/strong><\/span><\/p>\n<p dir=\"ltr\">.<\/p>\n","protected":false},"excerpt":{"rendered":"<p>Az\u0259rbaycan\u0131n dilb\u0259r gu\u015f\u0259l\u0259rind\u0259n birind\u0259 G\u0259d\u0259b\u0259y rayonunun \u00c7alburun k\u0259ndind\u0259, z\u0259hm\u0259tke\u015f bir ail\u0259d\u0259 d\u00fcnyaya g\u00f6z a\u00e7d\u0131 K\u0259nan&#8230;<\/p>\n","protected":false},"author":1,"featured_media":2107,"comment_status":"open","ping_status":"open","sticky":false,"template":"","format":"standard","meta":{"footnotes":""},"categories":[33,103],"tags":[],"class_list":["post-2106","post","type-post","status-publish","format-standard","has-post-thumbnail","hentry","category-xbrlr-2","category-shidlrimiz"],"featured_image_urls":{"full":["https:\/\/zefer.info.az\/wp-content\/uploads\/2024\/08\/Kenan-Sehid-004.jpg",440,429,false],"thumbnail":["https:\/\/zefer.info.az\/wp-content\/uploads\/2024\/08\/Kenan-Sehid-004-150x150.jpg",150,150,true],"medium":["https:\/\/zefer.info.az\/wp-content\/uploads\/2024\/08\/Kenan-Sehid-004-300x293.jpg",300,293,true],"medium_large":["https:\/\/zefer.info.az\/wp-content\/uploads\/2024\/08\/Kenan-Sehid-004.jpg",440,429,false],"large":["https:\/\/zefer.info.az\/wp-content\/uploads\/2024\/08\/Kenan-Sehid-004.jpg",440,429,false],"1536x1536":["https:\/\/zefer.info.az\/wp-content\/uploads\/2024\/08\/Kenan-Sehid-004.jpg",440,429,false],"2048x2048":["https:\/\/zefer.info.az\/wp-content\/uploads\/2024\/08\/Kenan-Sehid-004.jpg",440,429,false],"newsphere-slider-full":["https:\/\/zefer.info.az\/wp-content\/uploads\/2024\/08\/Kenan-Sehid-004.jpg",440,429,false],"newsphere-featured":["https:\/\/zefer.info.az\/wp-content\/uploads\/2024\/08\/Kenan-Sehid-004.jpg",440,429,false],"newsphere-medium":["https:\/\/zefer.info.az\/wp-content\/uploads\/2024\/08\/Kenan-Sehid-004-440x380.jpg",440,380,true]},"author_info":{"display_name":"ZEFER.\u0130NFO.AZ","author_link":"https:\/\/zefer.info.az\/author\/admin"},"category_info":"<a href=\"https:\/\/zefer.info.az\/?cat=33\" rel=\"category\">X\u0259b\u0259rl\u0259r<\/a> <a href=\"https:\/\/zefer.info.az\/?cat=103\" rel=\"category\">\u015e\u018fH\u0130DL\u018fR\u0130M\u0130Z<\/a>","tag_info":"\u015e\u018fH\u0130DL\u018fR\u0130M\u0130Z","comment_count":"0","_links":{"self":[{"href":"https:\/\/zefer.info.az\/index.php?rest_route=\/wp\/v2\/posts\/2106","targetHints":{"allow":["GET"]}}],"collection":[{"href":"https:\/\/zefer.info.az\/index.php?rest_route=\/wp\/v2\/posts"}],"about":[{"href":"https:\/\/zefer.info.az\/index.php?rest_route=\/wp\/v2\/types\/post"}],"author":[{"embeddable":true,"href":"https:\/\/zefer.info.az\/index.php?rest_route=\/wp\/v2\/users\/1"}],"replies":[{"embeddable":true,"href":"https:\/\/zefer.info.az\/index.php?rest_route=%2Fwp%2Fv2%2Fcomments&post=2106"}],"version-history":[{"count":1,"href":"https:\/\/zefer.info.az\/index.php?rest_route=\/wp\/v2\/posts\/2106\/revisions"}],"predecessor-version":[{"id":2113,"href":"https:\/\/zefer.info.az\/index.php?rest_route=\/wp\/v2\/posts\/2106\/revisions\/2113"}],"wp:featuredmedia":[{"embeddable":true,"href":"https:\/\/zefer.info.az\/index.php?rest_route=\/wp\/v2\/media\/2107"}],"wp:attachment":[{"href":"https:\/\/zefer.info.az\/index.php?rest_route=%2Fwp%2Fv2%2Fmedia&parent=2106"}],"wp:term":[{"taxonomy":"category","embeddable":true,"href":"https:\/\/zefer.info.az\/index.php?rest_route=%2Fwp%2Fv2%2Fcategories&post=2106"},{"taxonomy":"post_tag","embeddable":true,"href":"https:\/\/zefer.info.az\/index.php?rest_route=%2Fwp%2Fv2%2Ftags&post=2106"}],"curies":[{"name":"wp","href":"https:\/\/api.w.org\/{rel}","templated":true}]}}